{"id":47902,"date":"2023-02-12T03:36:18","date_gmt":"2023-02-12T03:36:18","guid":{"rendered":"https:\/\/bitcoinwisdom.com\/?p=47902"},"modified":"2023-02-12T03:36:18","modified_gmt":"2023-02-12T03:36:18","slug":"bitcoin-risks-in-el-salvador-have-not-materialized","status":"publish","type":"post","link":"https:\/\/bitcoinwisdom.com\/tr\/bitcoin-risks-in-el-salvador-have-not-materialized\/","title":{"rendered":"El Salvador&#039;daki Bitcoin Riskleri S\u0131n\u0131rl\u0131 Kullan\u0131m Sayesinde Ger\u00e7ekle\u015fmedi: IMF"},"content":{"rendered":"<ul class=\"wp-block-list\">\n<li><strong>IMF, dijital varl\u0131klar\u0131n s\u0131n\u0131rl\u0131 kullan\u0131m\u0131 nedeniyle El Salvador&#039;da Bitcoin benimseme risklerinin &quot;ger\u00e7ekle\u015fmedi\u011fini&quot; s\u00f6yledi.<\/strong><\/li>\n\n\n\n<li><strong>Ajans, BTC al\u0131mlar\u0131yla ilgili olarak El Salvador&#039;dan daha fazla \u015feffafl\u0131k talep etti.\u00a0<\/strong><\/li>\n\n\n\n<li><strong>\u00dclkenin BTC varl\u0131klar\u0131, h\u00fck\u00fcm s\u00fcren kripto k\u0131\u015f\u0131 nedeniyle en az 50% de\u011fer kayb\u0131 kayb\u0131na u\u011frad\u0131.\u00a0<\/strong><\/li>\n\n\n\n<li><strong>IMF, \u00fclkenin yak\u0131n gelecekte pandemi \u00f6ncesi seviyelere tamamen toparlanaca\u011f\u0131na inan\u0131yor.<\/strong>.<\/li>\n<\/ul>\n\n\n\n<hr class=\"wp-block-separator has-alpha-channel-opacity\" \/>\n\n\n\n<p>Birle\u015fmi\u015f Milletler&#039;in \u00f6nemli bir finans kurumu ve uluslararas\u0131 bir finans kurumu olan Uluslararas\u0131 Para Fonu, Orta Amerika \u00fclkesi El Salvador&#039;u, d\u00fcnyan\u0131n en b\u00fcy\u00fck kripto paras\u0131 olan Bitcoin&#039;in (BTC) yasal \u00f6deme arac\u0131 olarak benimsenmesine kar\u015f\u0131 defalarca uyard\u0131. IMF yak\u0131n zamanda yapt\u0131\u011f\u0131 bir a\u00e7\u0131klamada, dijital varl\u0131klar\u0131n s\u0131n\u0131rl\u0131 kullan\u0131m\u0131 nedeniyle kripto paran\u0131n benimsenmesiyle ilgili risklerin b\u00f6lgede &quot;ger\u00e7ekle\u015fmedi\u011fini&quot; belirtti.\u00a0<\/p>\n\n\n\n<blockquote class=\"wp-block-quote is-layout-flow wp-block-quote-is-layout-flow\">\n<p>\u201c\u015eu ana kadar s\u0131n\u0131rl\u0131 Bitcoin kullan\u0131m\u0131 nedeniyle riskler ger\u00e7ekle\u015fmemi\u015f olsa da (anket ve havale verilerinin \u00f6nerdi\u011fi gibi), yasal ihale stat\u00fcs\u00fc ve tokenize edilmi\u015f tahviller de dahil olmak \u00fczere kripto varl\u0131klar\u0131n kullan\u0131m\u0131n\u0131 te\u015fvik eden yeni yasal reformlar g\u00f6z \u00f6n\u00fcne al\u0131nd\u0131\u011f\u0131nda Bitcoin kullan\u0131m\u0131 artabilir (Dijital Varl\u0131klar) Hukuk)\u201d ifadesinde IMF ifadesine yer verildi.&nbsp;<\/p>\n<\/blockquote>\n\n\n\n<p>IMF&#039;nin El Salvador&#039;a y\u0131ll\u0131k bir ziyareti vard\u0131 ve ard\u0131ndan bu <a href=\"https:\/\/www.imf.org\/en\/News\/Articles\/2023\/02\/10\/el-salvador-staff-concluding-statement-of-the-2023-article-iv-mission\" class=\"ek-link\" rel=\"nofollow noopener\" target=\"_blank\">bildiri<\/a> Cuma g\u00fcn\u00fc yay\u0131nland\u0131. Uluslararas\u0131 ajans\u0131n en ba\u015f\u0131ndan beri El Salvador&#039;da Bitcoin&#039;in benimsenmesine kar\u015f\u0131 oldu\u011funu not etmek \u00e7ok \u00f6nemlidir. Orta Amerika ulusunun varl\u0131klar\u0131n\u0131n en az 50% de\u011ferinde de\u011fer d\u00fc\u015f\u00fckl\u00fc\u011f\u00fc zarar\u0131na u\u011frad\u0131\u011f\u0131 da bir ger\u00e7ektir, ancak ger\u00e7ek veriler mevcut de\u011fildir.\u00a0<\/p>\n\n\n\n<p>\u0130lgin\u00e7 bir \u015fekilde El Salvador, 2021&#039;de kripto piyasas\u0131 bo\u011fa ko\u015fusu s\u0131ras\u0131nda Bitcoin sat\u0131n almaya ba\u015flad\u0131 ve fiyatlar\u0131n d\u00fc\u015fmeye devam etti\u011fi 2022 boyunca sat\u0131n almaya devam etti. \u0130lgin\u00e7 bir \u015fekilde, \u00fclkenin Cumhurba\u015fkan\u0131 Nayib Bukele y\u00f6netiminde, lider kripto paran\u0131n benimsenmesi kademeli ancak kesin oldu.&nbsp;<\/p>\n\n\n\n<p>BitcoinWisdom taraf\u0131ndan daha \u00f6nce bildirildi\u011fi \u00fczere Bukele, Orta Amerika \u00fclkesinin <a href=\"https:\/\/bitcoinwisdom.com\/tr\/el-salvador-set-to-buy-one-bitcoin-per-day-reveals-president-bukele\/\">g\u00fcnde 1 BTC sat\u0131n al<\/a>, FTX&#039;in \u00e7\u00f6k\u00fc\u015f\u00fcnden sadece birka\u00e7 g\u00fcn sonra BTC, 2 y\u0131l\u0131n en d\u00fc\u015f\u00fck seviyesine indi. Bukele&#039;nin \u00fclkesinin yapt\u0131\u011f\u0131 s\u00f6ylentileri sert bir dille yalanlad\u0131\u011f\u0131n\u0131 da not etmek \u00e7ok \u00f6nemli. <a href=\"https:\/\/bitcoinwisdom.com\/tr\/el-salvador-had-no-business-with-ftx-cz\/\">iflas etmi\u015f kripto borsas\u0131 FTX&#039;in kurucusuyla hi\u00e7bir ili\u015fkisi yok<\/a>, Sam Bankman-Fried, kripto alan\u0131nda SBF olarak da bilinir.&nbsp;<\/p>\n\n\n\n<p>IMF raporunda, El Salvador ekonomisinin BTC fiyat\u0131ndaki d\u00fc\u015f\u00fc\u015ften etkilenmedi\u011fini ve istikrarl\u0131 bir \u015fekilde b\u00fcy\u00fcd\u00fc\u011f\u00fcn\u00fc kaydetti. Son zamanlarda, El Salvador&#039;un oldu\u011fu bildirildi. <a href=\"https:\/\/bitcoinwisdom.com\/tr\/el-salvador-remains-keen-on-attracting-investors\/\">B\u00f6lgeye turist \u00e7ekmeye odaklan\u0131ld\u0131<\/a> ve ayn\u0131 zamanda bir Bitcoin \u015eehri yaratma s\u00fcrecindedir. Ancak bunun i\u00e7in d\u0131\u015far\u0131dan yat\u0131r\u0131ma ihtiyac\u0131 var.&nbsp;<\/p>\n\n\n\n<p>Finans kurumu, \u00fclkenin BTC varl\u0131klar\u0131 ve \u00f6nde gelen kripto para biriminin sat\u0131\u015flar\u0131 ve sat\u0131n al\u0131mlar\u0131 konusunda opak kald\u0131\u011f\u0131n\u0131 belirtti. <\/p>\n\n\n\n<blockquote class=\"wp-block-quote is-layout-flow wp-block-quote-is-layout-flow\">\n<p>IMF raporunda, &quot;H\u00fck\u00fcmetin bitcoin i\u015flemleri ve devlete ait bitcoin c\u00fczdan\u0131n\u0131n (Chivo) mali durumu konusunda daha fazla \u015feffafl\u0131k hayati \u00f6nem ta\u015f\u0131yor&quot; dedi.\u00a0<\/p>\n<\/blockquote>\n\n\n\n<p>\u00dclkenin kripto benimseme giri\u015fimi hen\u00fcz sonu\u00e7 vermese de IMF, &quot;h\u00fck\u00fcmetin sa\u011fl\u0131k krizine etkili tepkisi&quot; sayesinde \u00fclkenin yak\u0131n gelecekte salg\u0131n \u00f6ncesi seviyelere tam bir iyile\u015fme sa\u011flayaca\u011f\u0131na inan\u0131yor. Daha \u00f6nce bildirildi\u011fi \u00fczere Bukele, <a href=\"https:\/\/bitcoinwisdom.com\/tr\/el-salvadors-president-nayib-bukele-announces-re-election-bid-for-the-2024-elections\/\">2024 Cumhurba\u015fkanl\u0131\u011f\u0131 kampanyas\u0131nda yeniden se\u00e7ilme m\u00fccadelesi<\/a>.&nbsp;<\/p>","protected":false},"excerpt":{"rendered":"<p>IMF, dijital varl\u0131klar\u0131n s\u0131n\u0131rl\u0131 kullan\u0131m\u0131 nedeniyle El Salvador&#039;da Bitcoin benimseme risklerinin &quot;ger\u00e7ekle\u015fmedi\u011fini&quot; s\u00f6yledi.<\/p>","protected":false},"author":21,"featured_media":47903,"comment_status":"closed","ping_status":"closed","sticky":false,"template":"","format":"standard","meta":{"_acf_changed":false,"_editorskit_title_hidden":false,"_editorskit_reading_time":0,"_editorskit_is_block_options_detached":false,"_editorskit_block_options_position":"{}","_uag_custom_page_level_css":"","footnotes":""},"categories":[185,12],"tags":[130,172],"class_list":["post-47902","post","type-post","status-publish","format-standard","has-post-thumbnail","hentry","category-bitcoin-news","category-news","tag-bitcoin","tag-crypto"],"acf":[],"uagb_featured_image_src":{"full":["https:\/\/bitcoinwisdom.com\/wp-content\/uploads\/2023\/02\/Bitcoin-1.jpg",1200,675,false],"thumbnail":["https:\/\/bitcoinwisdom.com\/wp-content\/uploads\/2023\/02\/Bitcoin-1-500x330.jpg",500,330,true],"medium":["https:\/\/bitcoinwisdom.com\/wp-content\/uploads\/2023\/02\/Bitcoin-1-300x169.jpg",300,169,true],"medium_large":["https:\/\/bitcoinwisdom.com\/wp-content\/uploads\/2023\/02\/Bitcoin-1-768x432.jpg",640,360,true],"large":["https:\/\/bitcoinwisdom.com\/wp-content\/uploads\/2023\/02\/Bitcoin-1-1024x576.jpg",640,360,true],"1536x1536":["https:\/\/bitcoinwisdom.com\/wp-content\/uploads\/2023\/02\/Bitcoin-1.jpg",1200,675,false],"2048x2048":["https:\/\/bitcoinwisdom.com\/wp-content\/uploads\/2023\/02\/Bitcoin-1.jpg",1200,675,false],"trp-custom-language-flag":["https:\/\/bitcoinwisdom.com\/wp-content\/uploads\/2023\/02\/Bitcoin-1-18x10.jpg",18,10,true]},"uagb_author_info":{"display_name":"Parth Dubey","author_link":"https:\/\/bitcoinwisdom.com\/tr\/author\/parth\/"},"uagb_comment_info":0,"uagb_excerpt":"The IMF said that Bitcoin adoption risks \u201chave not materialized\u201d in El Salvador due to the limited use of digital assets.","_links":{"self":[{"href":"https:\/\/bitcoinwisdom.com\/tr\/wp-json\/wp\/v2\/posts\/47902","targetHints":{"allow":["GET"]}}],"collection":[{"href":"https:\/\/bitcoinwisdom.com\/tr\/wp-json\/wp\/v2\/posts"}],"about":[{"href":"https:\/\/bitcoinwisdom.com\/tr\/wp-json\/wp\/v2\/types\/post"}],"author":[{"embeddable":true,"href":"https:\/\/bitcoinwisdom.com\/tr\/wp-json\/wp\/v2\/users\/21"}],"replies":[{"embeddable":true,"href":"https:\/\/bitcoinwisdom.com\/tr\/wp-json\/wp\/v2\/comments?post=47902"}],"version-history":[{"count":0,"href":"https:\/\/bitcoinwisdom.com\/tr\/wp-json\/wp\/v2\/posts\/47902\/revisions"}],"wp:featuredmedia":[{"embeddable":true,"href":"https:\/\/bitcoinwisdom.com\/tr\/wp-json\/wp\/v2\/media\/47903"}],"wp:attachment":[{"href":"https:\/\/bitcoinwisdom.com\/tr\/wp-json\/wp\/v2\/media?parent=47902"}],"wp:term":[{"taxonomy":"category","embeddable":true,"href":"https:\/\/bitcoinwisdom.com\/tr\/wp-json\/wp\/v2\/categories?post=47902"},{"taxonomy":"post_tag","embeddable":true,"href":"https:\/\/bitcoinwisdom.com\/tr\/wp-json\/wp\/v2\/tags?post=47902"}],"curies":[{"name":"wp","href":"https:\/\/api.w.org\/{rel}","templated":true}]}}