{"id":88206,"date":"2023-10-13T20:09:03","date_gmt":"2023-10-13T20:09:03","guid":{"rendered":"https:\/\/bitcoinwisdom.com\/?p=88206"},"modified":"2023-10-13T20:09:12","modified_gmt":"2023-10-13T20:09:12","slug":"tether-appoints-paulo-ardoino-as-ceo","status":"publish","type":"post","link":"https:\/\/bitcoinwisdom.com\/tr\/tether-appoints-paulo-ardoino-as-ceo\/","title":{"rendered":"Tether, Paulo Ardoino&#039;yu CEO olarak atad\u0131"},"content":{"rendered":"<ul class=\"wp-block-list\">\n<li><strong>Paulo Ardoino, 2017 y\u0131l\u0131nda \u015firkete kat\u0131ld\u0131\u011f\u0131ndan beri Tether&#039;de \u00f6nemli bir rol oynad\u0131.<\/strong><\/li>\n\n\n\n<li><strong>Ardoino, Tether&#039;in \u00e7ekirdek s\u00f6zc\u00fcs\u00fc olarak g\u00f6rev yapt\u0131 ve g\u00f6revden ayr\u0131lan CEO van der Velde&#039;nin \u00fczerinde aktif bir rol \u00fcstlendi.<\/strong><\/li>\n<\/ul>\n\n\n\n<hr class=\"wp-block-separator has-alpha-channel-opacity\" \/>\n\n\n\n<p>Beklenmedik bir hareketle, Tether&#039;in ba\u015f teknoloji sorumlusu (CTO) Paolo Ardoino, \u015firketi y\u0131llard\u0131r y\u00f6neten pek tan\u0131nmayan Jean-Louis van der Velde&#039;den g\u00f6revi devralarak \u015firketin yeni CEO&#039;su olarak atand\u0131.<\/p>\n\n\n\n<p>Tether haberi bas\u0131nda payla\u015ft\u0131 <a href=\"https:\/\/tether.to\/en\/tether-appoints-paolo-ardoino-as-ceo\/\" target=\"_blank\" aria-label=\"yay\u0131n (yeni bir sekmede a\u00e7\u0131l\u0131r)\" rel=\"noreferrer noopener nofollow\" class=\"ek-link\">serbest b\u0131rakmak<\/a> Cuma g\u00fcn\u00fc Ardoino&#039;nun Aral\u0131k 2023&#039;te g\u00f6reve ba\u015flayaca\u011f\u0131n\u0131 belirtti. Bu arada van der Velde, kripto borsas\u0131 Bitfinex&#039;in CEO&#039;su olarak g\u00f6rev yapmaya devam edecek ve Tether&#039;de yeni bir dan\u0131\u015fmanl\u0131k g\u00f6revi \u00fcstlenecek. Ayr\u0131ca Ardoino, Bitfinex&#039;in CTO&#039;su ve uygulama geli\u015ftirme platformu Holepunch&#039;un Ba\u015f Strateji Sorumlusu g\u00f6revini s\u00fcrd\u00fcrecek.<\/p>\n\n\n\n<p>Yeni atamaya tepki g\u00f6steren van der Velde yapt\u0131\u011f\u0131 a\u00e7\u0131klamada \u015funlar\u0131 s\u00f6yledi:<\/p>\n\n\n\n<blockquote class=\"wp-block-quote is-layout-flow wp-block-quote-is-layout-flow\">\n<p>Paolo, Tether&#039;i bu heyecan verici yeni \u00e7a\u011fa ta\u015f\u0131mak i\u00e7in son derece uygun. Tether&#039;in geli\u015fen pazarlara ve d\u00f6n\u00fc\u015ft\u00fcr\u00fcc\u00fc teknolojiye s\u00fcrekli odaklanarak h\u0131zl\u0131 b\u00fcy\u00fcmesini s\u00fcrd\u00fcrmeye haz\u0131r oldu\u011funa inan\u0131yorum. Tether&#039;i finans\u0131n s\u0131n\u0131r tan\u0131mad\u0131\u011f\u0131 bir gelece\u011fe do\u011fru y\u00f6nlendirirken Paolo&#039;nun liderli\u011fini sab\u0131rs\u0131zl\u0131kla bekledi\u011fimizi s\u00f6ylerken san\u0131r\u0131m t\u00fcm \u015firket ad\u0131na konu\u015fabilirim.<\/p>\n<\/blockquote>\n\n\n\n<p>Ardoino, Bitfinex&#039;e kat\u0131ld\u0131ktan \u00fc\u00e7 y\u0131l sonra 2017 y\u0131l\u0131nda Tether&#039;in CTO&#039;su olarak atand\u0131. \u015eirketin liderli\u011finde ge\u00e7irdi\u011fi s\u00fcre verimli ge\u00e7ti ve Tether&#039;in piyasa de\u011ferini $100 milyonun alt\u0131ndan $83,5 milyara \u00e7\u0131kard\u0131.<\/p>\n\n\n\n<p>Tether, liderlik de\u011fi\u015fikli\u011finin e\u015fler aras\u0131 ileti\u015fim, yenilenebilir enerji, g\u00fc\u00e7l\u00fc veri depolama ve Bitcoin gibi yeni i\u015f giri\u015fimlerini aktif olarak ke\u015ffetme tutkusunun bir par\u00e7as\u0131 oldu\u011funu s\u00f6yledi. Bir Tether temsilcisi, son birka\u00e7 y\u0131ld\u0131r Tether&#039;in geni\u015fleme plan\u0131n\u0131 y\u00fcr\u00fctt\u00fc\u011f\u00fc i\u00e7in Ardoino&#039;nun atanmas\u0131n\u0131n &quot;do\u011fal bir ilerleme&quot; olarak g\u00f6r\u00fclmesi gerekti\u011fini s\u00f6yledi.<\/p>\n\n\n\n<figure class=\"wp-block-embed is-type-rich is-provider-twitter wp-block-embed-twitter\"><div class=\"wp-block-embed__wrapper\">\n<blockquote class=\"twitter-tweet\" data-width=\"550\" data-dnt=\"true\"><p lang=\"en\" dir=\"ltr\">Bitfinex bu alandaki ilk \u015firkettir. <a href=\"https:\/\/twitter.com\/hashtag\/bitcoin?src=hash&amp;ref_src=twsrc%5Etfw\" rel=\"nofollow noopener\" target=\"_blank\">#bitcoin<\/a> 2014 y\u0131l\u0131nda kat\u0131ld\u0131\u011f\u0131m alan.<br>K\u00fc\u00e7\u00fck bir ekipti. &lt; 25 ki\u015fiden az.<br>Yaln\u0131zca 3\/4 geli\u015ftirici.<br>Bug\u00fcn \u015firket 10 kat b\u00fcy\u00fck ancak ayn\u0131 ruhu, inovasyon tutkusunu ve odaklanmay\u0131 s\u00fcrd\u00fcr\u00fcyor. <a href=\"https:\/\/twitter.com\/hashtag\/bitcoin?src=hash&amp;ref_src=twsrc%5Etfw\" rel=\"nofollow noopener\" target=\"_blank\">#bitcoin<\/a> neredeyse 10 y\u0131l s\u00fcrd\u00fc\u2026 <a href=\"https:\/\/t.co\/FjBkdVUuSs\" rel=\"nofollow\">https:\/\/t.co\/FjBkdVUuSs<\/a><\/p>\u2014 Paolo Ardoino \ud83c\udf50 (@paoloardoino) <a href=\"https:\/\/twitter.com\/paoloardoino\/status\/1712824918658670763?ref_src=twsrc%5Etfw\" rel=\"nofollow noopener\" target=\"_blank\">13 Ekim 2023<\/a><\/blockquote><script async src=\"https:\/\/platform.twitter.com\/widgets.js\" charset=\"utf-8\"><\/script>\n<\/div><\/figure>\n\n\n\n<p>Kamuoyunda nadiren g\u00f6r\u00fclen bir y\u00f6netici olan Van der Velde, \u015firketin \u015feffafl\u0131\u011f\u0131 konusunda sorguland\u0131\u011f\u0131 bir d\u00f6nemde Tether&#039;den ayr\u0131l\u0131yor. Pek \u00e7ok ki\u015fi van der Velde&#039;nin g\u00f6r\u00fcn\u00fcrl\u00fck eksikli\u011finin Tether&#039;in \u015feffafl\u0131ktan yoksun oldu\u011funun kan\u0131t\u0131 oldu\u011funa inan\u0131yordu.<\/p>\n\n\n\n<p>Ardoino uzun y\u0131llard\u0131r Tether&#039;in s\u00f6zc\u00fcs\u00fc olarak g\u00f6rev yap\u0131yor. \u00c7e\u015fitli medya programlar\u0131na ve podcast&#039;lere kat\u0131larak, stabilcoin i\u015fini s\u0131kl\u0131kla ele\u015ftirmenlere kar\u015f\u0131 savundu.<\/p>\n\n\n\n<p>Tether, Ardoino&#039;nun ba\u015far\u0131s\u0131n\u0131n bir k\u0131sm\u0131n\u0131n &quot;Tether&#039;in piyasa varl\u0131\u011f\u0131n\u0131n ve piyasa de\u011ferinin \u00f6nemli \u00f6l\u00e7\u00fcde b\u00fcy\u00fcmesine yol a\u00e7an stratejiye ortak liderlik etmek&quot; oldu\u011funu yazd\u0131. Ardoino ayr\u0131ca medya platformlar\u0131nda \u201cFUD\u201dla m\u00fccadeleyi ama\u00e7layan \u00e7e\u015fitli bas\u0131n makaleleri de yazd\u0131.<\/p>\n\n\n\n<figure class=\"wp-block-embed is-type-rich is-provider-twitter wp-block-embed-twitter\"><div class=\"wp-block-embed__wrapper\">\n<blockquote class=\"twitter-tweet\" data-width=\"550\" data-dnt=\"true\"><p lang=\"en\" dir=\"ltr\">Tether, insanlar\u0131n hayatlar\u0131n\u0131 g\u00fcnl\u00fck olarak daha iyi hale getiren ola\u011fan\u00fcst\u00fc, yenilik\u00e7i ve odaklanm\u0131\u015f bir i\u015f kurdu. <a href=\"https:\/\/twitter.com\/paoloardoino?ref_src=twsrc%5Etfw\" rel=\"nofollow noopener\" target=\"_blank\">@paoloardoino<\/a> bu in\u015faat\u0131n ve b\u00fcy\u00fcmenin \u00e7o\u011funu sa\u011flad\u0131. Tether&#039;in i\u015fi y\u00f6netmesinden daha iyi bir ki\u015fi olamazd\u0131. Gelecek t\u00fcm harika \u015feyler i\u00e7in heyecanl\u0131y\u0131z\u2026<\/p>\u2014 Gabor Gurbacs (@gaborgurbacs) <a href=\"https:\/\/twitter.com\/gaborgurbacs\/status\/1712812012558823516?ref_src=twsrc%5Etfw\" rel=\"nofollow noopener\" target=\"_blank\">13 Ekim 2023<\/a><\/blockquote><script async src=\"https:\/\/platform.twitter.com\/widgets.js\" charset=\"utf-8\"><\/script>\n<\/div><\/figure>\n\n\n\n<p>Tether s\u00f6zc\u00fcs\u00fc, &quot;Paolo&#039;nun liderli\u011fi alt\u0131nda Tether&#039;in, ihtiya\u00e7 duyanlara finansal hizmetler sunmaya ve k\u00fcresel finans manzaras\u0131n\u0131 yeniden \u015fekillendirmeye y\u00f6nelik \u00e7al\u0131\u015fmaya devam edece\u011fi&quot; konusundaki iyimserli\u011fini dile getirdi.<\/p>\n\n\n\n<p>S\u00f6zc\u00fc \u015funu ekledi:<\/p>\n\n\n\n<blockquote class=\"wp-block-quote is-layout-flow wp-block-quote-is-layout-flow\">\n<p>Paolo Ardoino, Tether&#039;i sekt\u00f6rde devrim yaratmaya ve diren\u00e7li \u015fehirlerin ve \u00fclkelerin geli\u015fiminde bir altyap\u0131 orta\u011f\u0131 olarak hizmet etmeye haz\u0131r bir teknoloji merkezi olarak tasavvur ediyor. Tether&#039;in misyonu ayn\u0131 zamanda USD ve Bitcoin&#039;in k\u00fcresel ticaret ve takastaki etkisini geni\u015fletmeyi de i\u00e7eriyor.<\/p>\n<\/blockquote>\n\n\n\n<p>Ardoino, \u015firketin planlad\u0131\u011f\u0131 bir zamanda Tether&#039;de liderli\u011fi ele al\u0131yor <a href=\"https:\/\/bitcoinwisdom.com\/tr\/tether-cto-hesitant-while-revealing-bitcoin-mining-locations\/\" target=\"_blank\" aria-label=\"odak (yeni bir sekmede a\u00e7\u0131l\u0131r)\" rel=\"noreferrer noopener\" class=\"ek-link\">odak<\/a> Bitcoin madencili\u011fi operasyonlar\u0131 hakk\u0131nda. Stabilcoin ihra\u00e7\u00e7\u0131s\u0131, May\u0131s ay\u0131nda Uruguay&#039;da bir bitcoin madencili\u011fi operasyonu ba\u015flatt\u0131 ve A\u011fustos 2023&#039;te Tether BTC madencilik yaz\u0131l\u0131m\u0131n\u0131 ba\u015flatt\u0131.<\/p>","protected":false},"excerpt":{"rendered":"<p>Beklenmedik bir hareketle, Tether&#039;in ba\u015f teknoloji sorumlusu (CTO) Paolo Ardoino, \u015firketi y\u0131llard\u0131r y\u00f6neten, pek tan\u0131nmayan Jean-Louis van der Velde&#039;den g\u00f6revi devralarak \u015firketin yeni CEO&#039;su olarak atand\u0131. Tether, haberi Cuma g\u00fcn\u00fc bir bas\u0131n a\u00e7\u0131klamas\u0131yla payla\u015farak Ardoino&#039;nun Aral\u0131k 2023&#039;te g\u00f6reve ba\u015flayaca\u011f\u0131n\u0131 belirtti. Bu arada van [\u2026]<\/p>","protected":false},"author":19,"featured_media":79604,"comment_status":"closed","ping_status":"closed","sticky":false,"template":"","format":"standard","meta":{"_acf_changed":false,"_editorskit_title_hidden":false,"_editorskit_reading_time":0,"_editorskit_is_block_options_detached":false,"_editorskit_block_options_position":"{}","_uag_custom_page_level_css":"","footnotes":""},"categories":[190,12],"tags":[130,638],"class_list":["post-88206","post","type-post","status-publish","format-standard","has-post-thumbnail","hentry","category-blockchain-news","category-news","tag-bitcoin","tag-tether"],"acf":[],"uagb_featured_image_src":{"full":["https:\/\/bitcoinwisdom.com\/wp-content\/uploads\/2023\/08\/Tether-2.jpg",1200,675,false],"thumbnail":["https:\/\/bitcoinwisdom.com\/wp-content\/uploads\/2023\/08\/Tether-2-500x330.jpg",500,330,true],"medium":["https:\/\/bitcoinwisdom.com\/wp-content\/uploads\/2023\/08\/Tether-2-300x169.jpg",300,169,true],"medium_large":["https:\/\/bitcoinwisdom.com\/wp-content\/uploads\/2023\/08\/Tether-2-768x432.jpg",640,360,true],"large":["https:\/\/bitcoinwisdom.com\/wp-content\/uploads\/2023\/08\/Tether-2-1024x576.jpg",640,360,true],"1536x1536":["https:\/\/bitcoinwisdom.com\/wp-content\/uploads\/2023\/08\/Tether-2.jpg",1200,675,false],"2048x2048":["https:\/\/bitcoinwisdom.com\/wp-content\/uploads\/2023\/08\/Tether-2.jpg",1200,675,false],"trp-custom-language-flag":["https:\/\/bitcoinwisdom.com\/wp-content\/uploads\/2023\/08\/Tether-2-18x10.jpg",18,10,true]},"uagb_author_info":{"display_name":"Lawrence Woriji","author_link":"https:\/\/bitcoinwisdom.com\/tr\/author\/lawrencew\/"},"uagb_comment_info":0,"uagb_excerpt":"In an unexpected move, Tether&#8217;s chief technology officer (CTO), Paolo Ardoino, has been appointed the company&#8217;s new CEO, taking over from rather unknown Jean-Louis van der Velde, who has led the company for years. Tether shared the news in a press release on Friday, noting that Ardoino will assume office in December 2023. Meanwhile, van&hellip;","_links":{"self":[{"href":"https:\/\/bitcoinwisdom.com\/tr\/wp-json\/wp\/v2\/posts\/88206","targetHints":{"allow":["GET"]}}],"collection":[{"href":"https:\/\/bitcoinwisdom.com\/tr\/wp-json\/wp\/v2\/posts"}],"about":[{"href":"https:\/\/bitcoinwisdom.com\/tr\/wp-json\/wp\/v2\/types\/post"}],"author":[{"embeddable":true,"href":"https:\/\/bitcoinwisdom.com\/tr\/wp-json\/wp\/v2\/users\/19"}],"replies":[{"embeddable":true,"href":"https:\/\/bitcoinwisdom.com\/tr\/wp-json\/wp\/v2\/comments?post=88206"}],"version-history":[{"count":0,"href":"https:\/\/bitcoinwisdom.com\/tr\/wp-json\/wp\/v2\/posts\/88206\/revisions"}],"wp:featuredmedia":[{"embeddable":true,"href":"https:\/\/bitcoinwisdom.com\/tr\/wp-json\/wp\/v2\/media\/79604"}],"wp:attachment":[{"href":"https:\/\/bitcoinwisdom.com\/tr\/wp-json\/wp\/v2\/media?parent=88206"}],"wp:term":[{"taxonomy":"category","embeddable":true,"href":"https:\/\/bitcoinwisdom.com\/tr\/wp-json\/wp\/v2\/categories?post=88206"},{"taxonomy":"post_tag","embeddable":true,"href":"https:\/\/bitcoinwisdom.com\/tr\/wp-json\/wp\/v2\/tags?post=88206"}],"curies":[{"name":"wp","href":"https:\/\/api.w.org\/{rel}","templated":true}]}}